{"id":586,"date":"2017-12-21T12:12:32","date_gmt":"2017-12-21T11:12:32","guid":{"rendered":"http:\/\/circuloludofago.com\/wordpress\/?p=586"},"modified":"2017-12-21T14:22:18","modified_gmt":"2017-12-21T13:22:18","slug":"los-amos-de-la-noche-the-warriors-1979-walter-hill","status":"publish","type":"post","link":"https:\/\/circuloludofago.com\/wordpress\/2017\/12\/los-amos-de-la-noche-the-warriors-1979-walter-hill\/","title":{"rendered":"The Warriors (1979, Walter Hill)"},"content":{"rendered":"<p><a href=\"https:\/\/circuloludofago.com\/wordpress\/wp-content\/uploads\/2017\/12\/the_warriors-318229443-large.jpg\"><img loading=\"lazy\" decoding=\"async\" class=\"size-medium wp-image-587 alignleft\" src=\"https:\/\/circuloludofago.com\/wordpress\/wp-content\/uploads\/2017\/12\/the_warriors-318229443-large-197x300.jpg\" alt=\"\" width=\"197\" height=\"300\" srcset=\"https:\/\/circuloludofago.com\/wordpress\/wp-content\/uploads\/2017\/12\/the_warriors-318229443-large-197x300.jpg 197w, https:\/\/circuloludofago.com\/wordpress\/wp-content\/uploads\/2017\/12\/the_warriors-318229443-large-768x1170.jpg 768w, https:\/\/circuloludofago.com\/wordpress\/wp-content\/uploads\/2017\/12\/the_warriors-318229443-large-672x1024.jpg 672w, https:\/\/circuloludofago.com\/wordpress\/wp-content\/uploads\/2017\/12\/the_warriors-318229443-large-99x150.jpg 99w, https:\/\/circuloludofago.com\/wordpress\/wp-content\/uploads\/2017\/12\/the_warriors-318229443-large.jpg 788w\" sizes=\"auto, (max-width: 197px) 100vw, 197px\" \/><\/a>T\u00edtulo original: The Warriors<\/p>\n<p>A\u00f1o: 1979<\/p>\n<p>Duraci\u00f3n: 94 min.<\/p>\n<p>Pa\u00eds:\u00a0Estados Unidos<\/p>\n<p>Direcci\u00f3n: <a href=\"https:\/\/www.filmaffinity.com\/es\/search.php?stype=director&amp;sn&amp;stext=Walter%20Hill\">Walter Hill<\/a><!--more--><\/p>\n<p>Guion: David Shaber, Walter Hill (Novela: Sol Yurick)<\/p>\n<p>M\u00fasica: Barry DeVorzon<\/p>\n<p>Fotograf\u00eda: Andrew Laszlo<\/p>\n<p>Reparto: <a href=\"https:\/\/www.filmaffinity.com\/es\/search.php?stype=cast&amp;sn&amp;stext=Michael%20Beck\">Michael Beck<\/a>, <a href=\"https:\/\/www.filmaffinity.com\/es\/search.php?stype=cast&amp;sn&amp;stext=David%20Harris\">David Harris<\/a>, <a href=\"https:\/\/www.filmaffinity.com\/es\/search.php?stype=cast&amp;sn&amp;stext=James%20Remar\">James Remar<\/a>, <a href=\"https:\/\/www.filmaffinity.com\/es\/search.php?stype=cast&amp;sn&amp;stext=Deborah%20Van%20Valkenburgh\">Deborah Van Valkenburgh<\/a>, <a href=\"https:\/\/www.filmaffinity.com\/es\/search.php?stype=cast&amp;sn&amp;stext=Thomas%20Waites\">Thomas Waites<\/a>, <a href=\"https:\/\/www.filmaffinity.com\/es\/search.php?stype=cast&amp;sn&amp;stext=Dorsey%20Wright\">Dorsey Wright<\/a>, <a href=\"https:\/\/www.filmaffinity.com\/es\/search.php?stype=cast&amp;sn&amp;stext=Brian%20Tyler\">Brian Tyler<\/a>, <a href=\"https:\/\/www.filmaffinity.com\/es\/search.php?stype=cast&amp;sn&amp;stext=David%20Patrick%20Kelly\">David Patrick Kelly<\/a>, <a href=\"https:\/\/www.filmaffinity.com\/es\/search.php?stype=cast&amp;sn&amp;stext=Joel%20Weiss\">Joel Weiss<\/a><\/p>\n<p>Productora: Paramount Pictures \/ Lawrence Gordon Production<\/p>\n<p>G\u00e9nero: <a href=\"https:\/\/www.filmaffinity.com\/es\/moviegenre.php?genre=AC&amp;attr=rat_count&amp;nodoc\">Acci\u00f3n<\/a> | <a href=\"https:\/\/www.filmaffinity.com\/es\/movietopic.php?topic=436447&amp;attr=rat_count&amp;nodoc\">Pel\u00edcula de culto<\/a>. <a href=\"https:\/\/www.filmaffinity.com\/es\/movietopic.php?topic=524594&amp;attr=rat_count&amp;nodoc\">Crimen<\/a>. <a href=\"https:\/\/www.filmaffinity.com\/es\/movietopic.php?topic=310560&amp;attr=rat_count&amp;nodoc\">Bandas\/pandillas callejeras<\/a><\/p>\n<p>Sinopsis<\/p>\n<p>Una batalla de proporciones gigantescas va a tener lugar en los bajos fondos de la ciudad de Nueva York. Los ej\u00e9rcitos de la noche, con m\u00e1s de 100.000 integrantes, quintuplican los efectivos de la polic\u00eda. Se enfrentan a los Warriors, una banda callejera a la que acusan injustamente del asesinato del l\u00edder de un grupo rival. Es la historia de un mundo ins\u00f3lito de subculturas, de guerrillas entre bandas nocturnas, desde Coney Island a Manhattan, pasando por el Bronx. Los miembros de los Warriors luchan por sus vidas, intentan sobrevivir en la jungla urbana y aprenden el significado de la lealtad. (FILMAFFINITY)<\/p>\n<p>&nbsp;<\/p>\n","protected":false},"excerpt":{"rendered":"<p>T\u00edtulo original: The Warriors A\u00f1o: 1979 Duraci\u00f3n: 94 min. Pa\u00eds:\u00a0Estados Unidos Direcci\u00f3n: Walter Hill<\/p>\n","protected":false},"author":2,"featured_media":0,"comment_status":"open","ping_status":"closed","sticky":false,"template":"","format":"standard","meta":{"_acf_changed":false,"_jetpack_memberships_contains_paid_content":false,"footnotes":""},"categories":[25],"tags":[],"class_list":["post-586","post","type-post","status-publish","format-standard","hentry","category-noche-de-cine"],"acf":[],"jetpack_featured_media_url":"","jetpack_sharing_enabled":true,"_links":{"self":[{"href":"https:\/\/circuloludofago.com\/wordpress\/wp-json\/wp\/v2\/posts\/586","targetHints":{"allow":["GET"]}}],"collection":[{"href":"https:\/\/circuloludofago.com\/wordpress\/wp-json\/wp\/v2\/posts"}],"about":[{"href":"https:\/\/circuloludofago.com\/wordpress\/wp-json\/wp\/v2\/types\/post"}],"author":[{"embeddable":true,"href":"https:\/\/circuloludofago.com\/wordpress\/wp-json\/wp\/v2\/users\/2"}],"replies":[{"embeddable":true,"href":"https:\/\/circuloludofago.com\/wordpress\/wp-json\/wp\/v2\/comments?post=586"}],"version-history":[{"count":2,"href":"https:\/\/circuloludofago.com\/wordpress\/wp-json\/wp\/v2\/posts\/586\/revisions"}],"predecessor-version":[{"id":593,"href":"https:\/\/circuloludofago.com\/wordpress\/wp-json\/wp\/v2\/posts\/586\/revisions\/593"}],"wp:attachment":[{"href":"https:\/\/circuloludofago.com\/wordpress\/wp-json\/wp\/v2\/media?parent=586"}],"wp:term":[{"taxonomy":"category","embeddable":true,"href":"https:\/\/circuloludofago.com\/wordpress\/wp-json\/wp\/v2\/categories?post=586"},{"taxonomy":"post_tag","embeddable":true,"href":"https:\/\/circuloludofago.com\/wordpress\/wp-json\/wp\/v2\/tags?post=586"}],"curies":[{"name":"wp","href":"https:\/\/api.w.org\/{rel}","templated":true}]}}